{"id":25700,"date":"2017-01-31T21:10:19","date_gmt":"2017-01-31T20:10:19","guid":{"rendered":"http:\/\/www.ravens-view.de\/?p=25700"},"modified":"2017-02-17T22:59:31","modified_gmt":"2017-02-17T21:59:31","slug":"punta-de-los-roques","status":"publish","type":"post","link":"http:\/\/www.ravens-view.de\/?p=25700","title":{"rendered":"Punta de los Roques"},"content":{"rendered":"<p>[et_pb_section admin_label=&#8220;section&#8220; global_module=&#8220;25271&#8243; background_image=&#8220;http:\/\/www.ravens-view.de\/wp-content\/uploads\/2017\/01\/12370936_1684813571732467_3268336966740501533_o.jpg&#8220; transparent_background=&#8220;off&#8220; allow_player_pause=&#8220;off&#8220; inner_shadow=&#8220;off&#8220; parallax=&#8220;off&#8220; parallax_method=&#8220;off&#8220; make_fullwidth=&#8220;off&#8220; use_custom_width=&#8220;off&#8220; width_unit=&#8220;on&#8220; make_equal=&#8220;off&#8220; use_custom_gutter=&#8220;off&#8220;][et_pb_row global_parent=&#8220;25271&#8243; admin_label=&#8220;row&#8220;][et_pb_column type=&#8220;1_3&#8243;][\/et_pb_column][et_pb_column type=&#8220;2_3&#8243;][et_pb_divider global_parent=&#8220;25271&#8243; admin_label=&#8220;Teiler&#8220; color=&#8220;#ffffff&#8220; show_divider=&#8220;off&#8220; height=&#8220;200&#8243; divider_style=&#8220;solid&#8220; divider_position=&#8220;top&#8220; hide_on_mobile=&#8220;on&#8220;] [\/et_pb_divider][et_pb_text global_parent=&#8220;25271&#8243; admin_label=&#8220;Text&#8220; background_layout=&#8220;dark&#8220; text_orientation=&#8220;center&#8220; text_font=&#8220;Raleway||||&#8220; text_font_size=&#8220;52&#8243; text_line_height=&#8220;1.1em&#8220; use_border_color=&#8220;off&#8220; border_color=&#8220;#ffffff&#8220; border_style=&#8220;solid&#8220;] [\/et_pb_text][\/et_pb_column][\/et_pb_row][\/et_pb_section][et_pb_section admin_label=&#8220;Sektion&#8220; fullwidth=&#8220;off&#8220; specialty=&#8220;off&#8220;][et_pb_row admin_label=&#8220;Zeile&#8220;][et_pb_column type=&#8220;2_3&#8243;][et_pb_text admin_label=&#8220;Text&#8220; background_layout=&#8220;light&#8220; text_orientation=&#8220;left&#8220; use_border_color=&#8220;off&#8220; border_color=&#8220;#ffffff&#8220; border_style=&#8220;solid&#8220;]<\/p>\n<h2>Punta de los Roques<\/h2>\n<p>&nbsp;<\/p>\n<p><strong>Wo?<\/strong><\/p>\n<p>Ich war vor gut einem Jahr schon einmal am Punta de los Roques, in den Calderah\u00e4ngen, hoch \u00fcber dem Parkplatz an der Cumbrecita. Von El Paso aus gesehen liegt der Punta quasi auf der Nasenspitze des &#8218;Guanchen&#8216;, der markanten Felsformation \u00f6stlich des Pico Bejenado.<\/p>\n<p>Am Punta des los Roques gibt es auf ca. 2200 Metern ASL die einzige offene Schutzh\u00fctte La Palmas &#8211; zumindest soweit ich wei\u00df. Sie ist nicht bewirtschaftet, bietet aber locker acht Wanderern Platz, oder auch mehr, dann m\u00fcsste aber der Speiseraum mitbenutzt werden. Ihre Lage ist g\u00fcnstig: Man kann hier prima eine Zwischen\u00fcbernachtung einlegen, wenn man vom Roque de los Muchachos aus \u00fcber El Pilar nach Fuencaliente absteigen will. Es gibt elektrisches Licht (aber keinen Strom) und eine Regenwasserzisterne f\u00fcr Brauchwasser. Trinkwasser ist immer ein Thema auf der gro\u00dfen Caldera-Runde, die n\u00e4chste Versorgungsstation w\u00e4re fr\u00fchestens am Reventon oder besser in El Pilar. Also ausreichend bevorraten.<\/p>\n<p><strong>Geocachen<\/strong><\/p>\n<p>Das erste Mal f\u00fchrte mich ein Geocache an diesen Ort. Kleiner Tipp f\u00fcr Mitcacher: Die Koordinaten sind nicht sehr genau, und auch wenn es zuerst so aussieht, der Cache liegt nicht auf dem Niveau der H\u00fctte. Damals konnte ich den Cache nicht finden, wollte aber unbedingt zwei Dinge: Wiederkommen und hier nachts fotografieren.<\/p>\n<p><strong>Los geht&#8217;s<\/strong><\/p>\n<p>Das habe ich in 2017 umgesetzt. Ich bin am 24.01. gegen 16 Uhr bei El Pilar in die Wanderung eingestiegen. Erfahrene La-Palma-Wanderer werden jetzt den Kopf sch\u00fctteln: Viel zu sp\u00e4t. Nein. Genau richtig f\u00fcr einen spektakul\u00e4ren Sonnenuntergang hinter dem Bejenado. Gut, die Schutzh\u00fctte habe ich erst in der Dunkelheit erreicht, aber wof\u00fcr gibt es Stirnlampen&#8230;<\/p>\n<p>Mit mir zusammen waren noch drei andere Wanderer da. Etwas schr\u00e4g wurde ich angesehen, als ich sagte, ich sei ohne Schlafsack (aber mit Isomatte) unterwegs, und w\u00fcrde mich auf Wanderungen von &#8218;flat food&#8216; ern\u00e4hren, weil der ganze Rest von meinem Equipment belegt sei. Tipp: Ein Objektivk\u00f6cher mittlerer Gr\u00f6\u00dfe kann, wenn man das Objektiv nicht braucht, prima drei \u00c4pfel aufnehmen. Insgesamt hatte ich etwa 14 kg an Ausr\u00fcstung dabei.<\/p>\n<p>Geschlafen habe ich in jener Nacht h\u00f6chstens zwei Stunden. Den Rest war ich drau\u00dfen zum Fotografieren. Zuerst eine Serie f\u00fcr Startrails (siehe Bild), dann ein 360\u00b0 Panorama und verschiedene Einzelaufnahmen. Danach ein bisschen geschlafen und ged\u00f6st, bis es gegen 5.30 Uhr weiter ging: Mond- und Milchstra\u00dfenaufgang hinter Tenerife, kurz danach gefolgt von einer sch\u00f6nen Morgend\u00e4mmerung. Leider fiel der Sonnenaufgang hinter dem Teide diesmal nicht ganz so spektakul\u00e4r aus wie sonst.<\/p>\n<p>Gegen 8.30 machte ich mich auf den R\u00fcckweg und war etwa drei Stunden sp\u00e4ter wieder an meinem Auto. Achja, den Geocache konnte ich auch noch loggen&#8230;<\/p>\n<p>[\/et_pb_text][\/et_pb_column][et_pb_column type=&#8220;1_3&#8243;][et_pb_image admin_label=&#8220;Bild&#8220; show_in_lightbox=&#8220;on&#8220; url_new_window=&#8220;off&#8220; use_overlay=&#8220;on&#8220; animation=&#8220;left&#8220; sticky=&#8220;off&#8220; align=&#8220;left&#8220; force_fullwidth=&#8220;off&#8220; always_center_on_mobile=&#8220;on&#8220; use_border_color=&#8220;off&#8220; border_color=&#8220;#ffffff&#8220; border_style=&#8220;solid&#8220; src=&#8220;http:\/\/www.ravens-view.de\/wp-content\/uploads\/2017\/01\/20170124_PuntaRoquesSunset.jpg&#8220; alt=&#8220;Abendstimmung kurz vor dem Refugio&#8220; title_text=&#8220;Sonnenuntergang&#8220;] [\/et_pb_image][et_pb_image admin_label=&#8220;Bild&#8220; show_in_lightbox=&#8220;on&#8220; url_new_window=&#8220;off&#8220; use_overlay=&#8220;on&#8220; animation=&#8220;left&#8220; sticky=&#8220;off&#8220; align=&#8220;left&#8220; force_fullwidth=&#8220;off&#8220; always_center_on_mobile=&#8220;on&#8220; use_border_color=&#8220;off&#8220; border_color=&#8220;#ffffff&#8220; border_style=&#8220;solid&#8220; src=&#8220;http:\/\/www.ravens-view.de\/wp-content\/uploads\/2017\/01\/20170124_PuntaRoquesST.jpg&#8220; alt=&#8220;Startrails \u00fcber dem Refugio am Punta de los Roques&#8220; title_text=&#8220;Startrails&#8220;] [\/et_pb_image][et_pb_image admin_label=&#8220;Bild&#8220; show_in_lightbox=&#8220;on&#8220; url_new_window=&#8220;off&#8220; use_overlay=&#8220;on&#8220; animation=&#8220;left&#8220; sticky=&#8220;off&#8220; align=&#8220;left&#8220; force_fullwidth=&#8220;off&#8220; always_center_on_mobile=&#8220;on&#8220; use_border_color=&#8220;off&#8220; border_color=&#8220;#ffffff&#8220; border_style=&#8220;solid&#8220; src=&#8220;http:\/\/www.ravens-view.de\/wp-content\/uploads\/2017\/01\/20170124_PuntaRoquesCascade.jpg&#8220; alt=&#8220;El Paso, Los Llanos und der &#8218;Wolkenwasserfall'&#8220; title_text=&#8220;Cascada de nubes&#8220;] [\/et_pb_image][et_pb_image admin_label=&#8220;Bild&#8220; show_in_lightbox=&#8220;on&#8220; url_new_window=&#8220;off&#8220; use_overlay=&#8220;on&#8220; animation=&#8220;left&#8220; sticky=&#8220;off&#8220; align=&#8220;left&#8220; force_fullwidth=&#8220;off&#8220; always_center_on_mobile=&#8220;on&#8220; use_border_color=&#8220;off&#8220; border_color=&#8220;#ffffff&#8220; border_style=&#8220;solid&#8220; src=&#8220;http:\/\/www.ravens-view.de\/wp-content\/uploads\/2017\/01\/20170125_PuntaRoquesMoon.jpg&#8220; alt=&#8220;Mondaufgang \u00fcber Tenerife&#8220; title_text=&#8220;Mondaufgang und Milchstra\u00dfe&#8220;] [\/et_pb_image][\/et_pb_column][\/et_pb_row][\/et_pb_section][et_pb_section admin_label=&#8220;Section&#8220; global_module=&#8220;25086&#8243; fullwidth=&#8220;off&#8220; specialty=&#8220;off&#8220; transparent_background=&#8220;off&#8220; allow_player_pause=&#8220;off&#8220; inner_shadow=&#8220;off&#8220; parallax=&#8220;off&#8220; parallax_method=&#8220;off&#8220; custom_padding=&#8220;0px||0px|&#8220; padding_mobile=&#8220;on&#8220; make_fullwidth=&#8220;off&#8220; use_custom_width=&#8220;off&#8220; width_unit=&#8220;on&#8220; make_equal=&#8220;off&#8220; use_custom_gutter=&#8220;off&#8220; background_color=&#8220;#3c3d41&#8243;][et_pb_row global_parent=&#8220;25086&#8243; admin_label=&#8220;Row&#8220; make_fullwidth=&#8220;off&#8220; use_custom_width=&#8220;off&#8220; width_unit=&#8220;on&#8220; use_custom_gutter=&#8220;on&#8220; gutter_width=&#8220;2&#8243; padding_mobile=&#8220;on&#8220; allow_player_pause=&#8220;off&#8220; parallax=&#8220;off&#8220; parallax_method=&#8220;off&#8220; make_equal=&#8220;off&#8220; parallax_1=&#8220;off&#8220; parallax_method_1=&#8220;off&#8220; column_padding_mobile=&#8220;on&#8220; custom_padding=&#8220;50px||50px|&#8220; parallax_2=&#8220;off&#8220; parallax_method_2=&#8220;off&#8220; parallax_3=&#8220;off&#8220; parallax_method_3=&#8220;off&#8220;][et_pb_column type=&#8220;1_2&#8243;][et_pb_text global_parent=&#8220;25086&#8243; admin_label=&#8220;raven\u00b4s view&#8220; background_layout=&#8220;light&#8220; text_orientation=&#8220;left&#8220; text_font=&#8220;Raleway|on|||&#8220; text_font_size=&#8220;28&#8243; text_text_color=&#8220;#ffffff&#8220; text_line_height=&#8220;1.4em&#8220; use_border_color=&#8220;off&#8220; border_color=&#8220;#ffffff&#8220; border_style=&#8220;solid&#8220; custom_margin=&#8220;||8px|&#8220; custom_css_main_element=&#8220;font-weight: 900;&#8220; header_font=&#8220;Raleway||||&#8220;] raven\u00b4s view [\/et_pb_text][et_pb_text global_parent=&#8220;25086&#8243; admin_label=&#8220;Text&#8220; background_layout=&#8220;light&#8220; text_orientation=&#8220;left&#8220; text_font=&#8220;Raleway Light||||&#8220; text_font_size=&#8220;16&#8243; text_text_color=&#8220;#aaaaaa&#8220; text_line_height=&#8220;1.5em&#8220; use_border_color=&#8220;off&#8220; border_color=&#8220;#ffffff&#8220; border_style=&#8220;solid&#8220; custom_padding=&#8220;0px|||&#8220; max_width=&#8220;300px&#8220; custom_margin=&#8220;||30px|&#8220; custom_margin_tablet=&#8220;||10px|&#8220; custom_margin_last_edited=&#8220;on|tablet&#8220;]<\/p>\n<p>&#8222;Fotografieren ist finden, was sich verliert.&#8220;<\/p>\n<p>[\/et_pb_text][et_pb_text global_parent=&#8220;25086&#8243; admin_label=&#8220;\u00a9 2017 raven\u00b4s view&#8220; background_layout=&#8220;light&#8220; text_orientation=&#8220;left&#8220; text_font=&#8220;Raleway Light||||&#8220; text_font_size=&#8220;12&#8243; text_text_color=&#8220;#aaaaaa&#8220; text_line_height=&#8220;1.5em&#8220; use_border_color=&#8220;off&#8220; border_color=&#8220;#ffffff&#8220; border_style=&#8220;solid&#8220; custom_padding=&#8220;0px|||&#8220; max_width=&#8220;300px&#8220;] \u00a9 2017 raven\u00b4s view [\/et_pb_text][\/et_pb_column][et_pb_column type=&#8220;1_4&#8243;][et_pb_text global_parent=&#8220;25086&#8243; admin_label=&#8220;raven\u00b4s view&#8220; background_layout=&#8220;light&#8220; text_orientation=&#8220;left&#8220; text_font=&#8220;Raleway|on|||&#8220; text_font_size=&#8220;18&#8243; text_text_color=&#8220;#666666&#8243; text_line_height=&#8220;1.4em&#8220; use_border_color=&#8220;off&#8220; border_color=&#8220;#ffffff&#8220; border_style=&#8220;solid&#8220; custom_margin=&#8220;||8px|&#8220; header_font=&#8220;Raleway||||&#8220;] raven\u00b4s view [\/et_pb_text][et_pb_text global_parent=&#8220;25086&#8243; admin_label=&#8220;Text&#8220; background_layout=&#8220;light&#8220; text_orientation=&#8220;left&#8220; text_font=&#8220;Raleway Light||||&#8220; text_font_size=&#8220;16&#8243; text_text_color=&#8220;#ffffff&#8220; text_line_height=&#8220;2.2em&#8220; use_border_color=&#8220;off&#8220; border_color=&#8220;#ffffff&#8220; border_style=&#8220;solid&#8220; custom_padding=&#8220;0px|||&#8220; header_font=&#8220;Raleway Light||||&#8220;] <span style=\"color: #ffffff;\"><a style=\"color: #ffffff;\" href=\"http:\/\/www.ravens-view.de\/?page_id=25111\">Blog<\/a><\/span><br \/>\n<span style=\"color: #ffffff;\"><a style=\"color: #ffffff;\" href=\"http:\/\/www.ravens-view.de\/?page_id=25113\">Galerie<\/a><\/span><br \/>\n<span style=\"color: #ffffff;\"><a style=\"color: #ffffff;\" href=\"http:\/\/www.ravens-view.de\/?page_id=25102\">Kontakt<\/a><\/span><br \/>\n<span style=\"color: #ffffff;\"><a style=\"color: #ffffff;\" href=\"http:\/\/www.ravens-view.de\/?page_id=25142\">Impressum<\/a><\/span> [\/et_pb_text][\/et_pb_column][et_pb_column type=&#8220;1_4&#8243;][et_pb_text global_parent=&#8220;25086&#8243; admin_label=&#8220;raven\u00b4s view bei&#8220; background_layout=&#8220;light&#8220; text_orientation=&#8220;left&#8220; text_font=&#8220;Raleway|on|||&#8220; text_font_size=&#8220;18&#8243; text_text_color=&#8220;#666666&#8243; text_line_height=&#8220;1.4em&#8220; use_border_color=&#8220;off&#8220; border_color=&#8220;#ffffff&#8220; border_style=&#8220;solid&#8220; custom_margin=&#8220;||8px|&#8220;] raven\u00b4s view bei [\/et_pb_text][et_pb_social_media_follow global_parent=&#8220;25086&#8243; admin_label=&#8220;Sozialen Medien folgen&#8220; link_shape=&#8220;rounded_rectangle&#8220; background_layout=&#8220;light&#8220; url_new_window=&#8220;on&#8220; follow_button=&#8220;off&#8220;] [et_pb_social_media_follow_network social_network=&#8220;facebook&#8220; url=&#8220;https:\/\/www.facebook.com\/ravensisland\/?fref=ts&#8220; skype_action=&#8220;call&#8220; bg_color=&#8220;#3b5998&#8243;] Facebook [\/et_pb_social_media_follow_network][et_pb_social_media_follow_network social_network=&#8220;instagram&#8220; url=&#8220;https:\/\/www.instagram.com\/ravens__view\/&#8220; skype_action=&#8220;call&#8220; bg_color=&#8220;#517fa4&#8243;] Instagram [\/et_pb_social_media_follow_network] [\/et_pb_social_media_follow][\/et_pb_column][\/et_pb_row][\/et_pb_section]<\/p>\n","protected":false},"excerpt":{"rendered":"<p>Punta de los Roques &nbsp; Wo? Ich war vor gut einem Jahr schon einmal am Punta de los Roques, in den Calderah\u00e4ngen, hoch \u00fcber dem Parkplatz an der Cumbrecita. Von El Paso aus gesehen liegt der Punta quasi auf der Nasenspitze des &#8218;Guanchen&#8216;, der markanten Felsformation \u00f6stlich des Pico Bejenado. Am Punta des los Roques [&hellip;]<\/p>\n","protected":false},"author":3,"featured_media":0,"comment_status":"closed","ping_status":"open","sticky":false,"template":"","format":"standard","meta":{"_et_pb_use_builder":"on","_et_pb_old_content":"","_et_gb_content_width":"","footnotes":""},"categories":[10,12,11],"tags":[],"class_list":["post-25700","post","type-post","status-publish","format-standard","hentry","category-fotografie","category-tipps-tricks","category-wanderungen"],"yoast_head":"<!-- This site is optimized with the Yoast SEO plugin v26.0 - https:\/\/yoast.com\/wordpress\/plugins\/seo\/ -->\n<title>raven&#039;s view - Punta de los Roques<\/title>\n<meta name=\"robots\" content=\"index, follow, max-snippet:-1, max-image-preview:large, max-video-preview:-1\" \/>\n<link rel=\"canonical\" href=\"http:\/\/www.ravens-view.de\/?p=25700\" \/>\n<meta property=\"og:locale\" content=\"de_DE\" \/>\n<meta property=\"og:type\" content=\"article\" \/>\n<meta property=\"og:title\" content=\"raven&#039;s view - Punta de los Roques\" \/>\n<meta property=\"og:description\" content=\"Punta de los Roques &nbsp; Wo? Ich war vor gut einem Jahr schon einmal am Punta de los Roques, in den Calderah\u00e4ngen, hoch \u00fcber dem Parkplatz an der Cumbrecita. Von El Paso aus gesehen liegt der Punta quasi auf der Nasenspitze des &#039;Guanchen&#039;, der markanten Felsformation \u00f6stlich des Pico Bejenado. Am Punta des los Roques [&hellip;]\" \/>\n<meta property=\"og:url\" content=\"http:\/\/www.ravens-view.de\/?p=25700\" \/>\n<meta property=\"article:published_time\" content=\"2017-01-31T20:10:19+00:00\" \/>\n<meta property=\"article:modified_time\" content=\"2017-02-17T21:59:31+00:00\" \/>\n<meta name=\"author\" content=\"Kai\" \/>\n<meta name=\"twitter:card\" content=\"summary_large_image\" \/>\n<meta name=\"twitter:label1\" content=\"Verfasst von\" \/>\n\t<meta name=\"twitter:data1\" content=\"Kai\" \/>\n\t<meta name=\"twitter:label2\" content=\"Gesch\u00e4tzte Lesezeit\" \/>\n\t<meta name=\"twitter:data2\" content=\"7\u00a0Minuten\" \/>\n<script type=\"application\/ld+json\" class=\"yoast-schema-graph\">{\"@context\":\"https:\/\/schema.org\",\"@graph\":[{\"@type\":\"WebPage\",\"@id\":\"http:\/\/www.ravens-view.de\/?p=25700\",\"url\":\"http:\/\/www.ravens-view.de\/?p=25700\",\"name\":\"raven's view - Punta de los Roques\",\"isPartOf\":{\"@id\":\"https:\/\/www.ravens-view.de\/#website\"},\"datePublished\":\"2017-01-31T20:10:19+00:00\",\"dateModified\":\"2017-02-17T21:59:31+00:00\",\"author\":{\"@id\":\"https:\/\/www.ravens-view.de\/#\/schema\/person\/09d92446ad9e33c84d346d8c06a15ebb\"},\"breadcrumb\":{\"@id\":\"http:\/\/www.ravens-view.de\/?p=25700#breadcrumb\"},\"inLanguage\":\"de\",\"potentialAction\":[{\"@type\":\"ReadAction\",\"target\":[\"http:\/\/www.ravens-view.de\/?p=25700\"]}]},{\"@type\":\"BreadcrumbList\",\"@id\":\"http:\/\/www.ravens-view.de\/?p=25700#breadcrumb\",\"itemListElement\":[{\"@type\":\"ListItem\",\"position\":1,\"name\":\"Startseite\",\"item\":\"https:\/\/www.ravens-view.de\/\"},{\"@type\":\"ListItem\",\"position\":2,\"name\":\"Punta de los Roques\"}]},{\"@type\":\"WebSite\",\"@id\":\"https:\/\/www.ravens-view.de\/#website\",\"url\":\"https:\/\/www.ravens-view.de\/\",\"name\":\"\",\"description\":\"\",\"potentialAction\":[{\"@type\":\"SearchAction\",\"target\":{\"@type\":\"EntryPoint\",\"urlTemplate\":\"https:\/\/www.ravens-view.de\/?s={search_term_string}\"},\"query-input\":{\"@type\":\"PropertyValueSpecification\",\"valueRequired\":true,\"valueName\":\"search_term_string\"}}],\"inLanguage\":\"de\"},{\"@type\":\"Person\",\"@id\":\"https:\/\/www.ravens-view.de\/#\/schema\/person\/09d92446ad9e33c84d346d8c06a15ebb\",\"name\":\"Kai\",\"image\":{\"@type\":\"ImageObject\",\"inLanguage\":\"de\",\"@id\":\"https:\/\/www.ravens-view.de\/#\/schema\/person\/image\/\",\"url\":\"https:\/\/secure.gravatar.com\/avatar\/d88685ff1706dbab4180af67ce12ee798e5e04f00bce01099aef0c14f1cdd73a?s=96&d=mm&r=g\",\"contentUrl\":\"https:\/\/secure.gravatar.com\/avatar\/d88685ff1706dbab4180af67ce12ee798e5e04f00bce01099aef0c14f1cdd73a?s=96&d=mm&r=g\",\"caption\":\"Kai\"},\"url\":\"http:\/\/www.ravens-view.de\/?author=3\"}]}<\/script>\n<!-- \/ Yoast SEO plugin. -->","yoast_head_json":{"title":"raven's view - Punta de los Roques","robots":{"index":"index","follow":"follow","max-snippet":"max-snippet:-1","max-image-preview":"max-image-preview:large","max-video-preview":"max-video-preview:-1"},"canonical":"http:\/\/www.ravens-view.de\/?p=25700","og_locale":"de_DE","og_type":"article","og_title":"raven's view - Punta de los Roques","og_description":"Punta de los Roques &nbsp; Wo? Ich war vor gut einem Jahr schon einmal am Punta de los Roques, in den Calderah\u00e4ngen, hoch \u00fcber dem Parkplatz an der Cumbrecita. Von El Paso aus gesehen liegt der Punta quasi auf der Nasenspitze des 'Guanchen', der markanten Felsformation \u00f6stlich des Pico Bejenado. Am Punta des los Roques [&hellip;]","og_url":"http:\/\/www.ravens-view.de\/?p=25700","article_published_time":"2017-01-31T20:10:19+00:00","article_modified_time":"2017-02-17T21:59:31+00:00","author":"Kai","twitter_card":"summary_large_image","twitter_misc":{"Verfasst von":"Kai","Gesch\u00e4tzte Lesezeit":"7\u00a0Minuten"},"schema":{"@context":"https:\/\/schema.org","@graph":[{"@type":"WebPage","@id":"http:\/\/www.ravens-view.de\/?p=25700","url":"http:\/\/www.ravens-view.de\/?p=25700","name":"raven's view - Punta de los Roques","isPartOf":{"@id":"https:\/\/www.ravens-view.de\/#website"},"datePublished":"2017-01-31T20:10:19+00:00","dateModified":"2017-02-17T21:59:31+00:00","author":{"@id":"https:\/\/www.ravens-view.de\/#\/schema\/person\/09d92446ad9e33c84d346d8c06a15ebb"},"breadcrumb":{"@id":"http:\/\/www.ravens-view.de\/?p=25700#breadcrumb"},"inLanguage":"de","potentialAction":[{"@type":"ReadAction","target":["http:\/\/www.ravens-view.de\/?p=25700"]}]},{"@type":"BreadcrumbList","@id":"http:\/\/www.ravens-view.de\/?p=25700#breadcrumb","itemListElement":[{"@type":"ListItem","position":1,"name":"Startseite","item":"https:\/\/www.ravens-view.de\/"},{"@type":"ListItem","position":2,"name":"Punta de los Roques"}]},{"@type":"WebSite","@id":"https:\/\/www.ravens-view.de\/#website","url":"https:\/\/www.ravens-view.de\/","name":"","description":"","potentialAction":[{"@type":"SearchAction","target":{"@type":"EntryPoint","urlTemplate":"https:\/\/www.ravens-view.de\/?s={search_term_string}"},"query-input":{"@type":"PropertyValueSpecification","valueRequired":true,"valueName":"search_term_string"}}],"inLanguage":"de"},{"@type":"Person","@id":"https:\/\/www.ravens-view.de\/#\/schema\/person\/09d92446ad9e33c84d346d8c06a15ebb","name":"Kai","image":{"@type":"ImageObject","inLanguage":"de","@id":"https:\/\/www.ravens-view.de\/#\/schema\/person\/image\/","url":"https:\/\/secure.gravatar.com\/avatar\/d88685ff1706dbab4180af67ce12ee798e5e04f00bce01099aef0c14f1cdd73a?s=96&d=mm&r=g","contentUrl":"https:\/\/secure.gravatar.com\/avatar\/d88685ff1706dbab4180af67ce12ee798e5e04f00bce01099aef0c14f1cdd73a?s=96&d=mm&r=g","caption":"Kai"},"url":"http:\/\/www.ravens-view.de\/?author=3"}]}},"_links":{"self":[{"href":"http:\/\/www.ravens-view.de\/index.php?rest_route=\/wp\/v2\/posts\/25700","targetHints":{"allow":["GET"]}}],"collection":[{"href":"http:\/\/www.ravens-view.de\/index.php?rest_route=\/wp\/v2\/posts"}],"about":[{"href":"http:\/\/www.ravens-view.de\/index.php?rest_route=\/wp\/v2\/types\/post"}],"author":[{"embeddable":true,"href":"http:\/\/www.ravens-view.de\/index.php?rest_route=\/wp\/v2\/users\/3"}],"replies":[{"embeddable":true,"href":"http:\/\/www.ravens-view.de\/index.php?rest_route=%2Fwp%2Fv2%2Fcomments&post=25700"}],"version-history":[{"count":11,"href":"http:\/\/www.ravens-view.de\/index.php?rest_route=\/wp\/v2\/posts\/25700\/revisions"}],"predecessor-version":[{"id":25886,"href":"http:\/\/www.ravens-view.de\/index.php?rest_route=\/wp\/v2\/posts\/25700\/revisions\/25886"}],"wp:attachment":[{"href":"http:\/\/www.ravens-view.de\/index.php?rest_route=%2Fwp%2Fv2%2Fmedia&parent=25700"}],"wp:term":[{"taxonomy":"category","embeddable":true,"href":"http:\/\/www.ravens-view.de\/index.php?rest_route=%2Fwp%2Fv2%2Fcategories&post=25700"},{"taxonomy":"post_tag","embeddable":true,"href":"http:\/\/www.ravens-view.de\/index.php?rest_route=%2Fwp%2Fv2%2Ftags&post=25700"}],"curies":[{"name":"wp","href":"https:\/\/api.w.org\/{rel}","templated":true}]}}