{"id":25765,"date":"2017-02-04T21:28:04","date_gmt":"2017-02-04T20:28:04","guid":{"rendered":"http:\/\/www.ravens-view.de\/?p=25765"},"modified":"2017-02-17T22:59:04","modified_gmt":"2017-02-17T21:59:04","slug":"marcos-y-cordero","status":"publish","type":"post","link":"http:\/\/www.ravens-view.de\/?p=25765","title":{"rendered":"Marcos y Cordero"},"content":{"rendered":"<p>[et_pb_section admin_label=&#8220;section&#8220; global_module=&#8220;25271&#8243; background_image=&#8220;http:\/\/www.ravens-view.de\/wp-content\/uploads\/2017\/01\/12370936_1684813571732467_3268336966740501533_o.jpg&#8220; transparent_background=&#8220;off&#8220; allow_player_pause=&#8220;off&#8220; inner_shadow=&#8220;off&#8220; parallax=&#8220;off&#8220; parallax_method=&#8220;off&#8220; make_fullwidth=&#8220;off&#8220; use_custom_width=&#8220;off&#8220; width_unit=&#8220;on&#8220; make_equal=&#8220;off&#8220; use_custom_gutter=&#8220;off&#8220;][et_pb_row global_parent=&#8220;25271&#8243; admin_label=&#8220;row&#8220;][et_pb_column type=&#8220;1_3&#8243;][\/et_pb_column][et_pb_column type=&#8220;2_3&#8243;][et_pb_divider global_parent=&#8220;25271&#8243; admin_label=&#8220;Teiler&#8220; color=&#8220;#ffffff&#8220; show_divider=&#8220;off&#8220; height=&#8220;200&#8243; divider_style=&#8220;solid&#8220; divider_position=&#8220;top&#8220; hide_on_mobile=&#8220;on&#8220;] [\/et_pb_divider][et_pb_text global_parent=&#8220;25271&#8243; admin_label=&#8220;Text&#8220; background_layout=&#8220;dark&#8220; text_orientation=&#8220;center&#8220; text_font=&#8220;Raleway||||&#8220; text_font_size=&#8220;52&#8243; text_line_height=&#8220;1.1em&#8220; use_border_color=&#8220;off&#8220; border_color=&#8220;#ffffff&#8220; border_style=&#8220;solid&#8220;] [\/et_pb_text][\/et_pb_column][\/et_pb_row][\/et_pb_section][et_pb_section admin_label=&#8220;Sektion&#8220; fullwidth=&#8220;off&#8220; specialty=&#8220;off&#8220;][et_pb_row admin_label=&#8220;Zeile&#8220;][et_pb_column type=&#8220;2_3&#8243;][et_pb_text admin_label=&#8220;Text&#8220; background_layout=&#8220;light&#8220; text_orientation=&#8220;left&#8220; use_border_color=&#8220;off&#8220; border_color=&#8220;#ffffff&#8220; border_style=&#8220;solid&#8220;]<\/p>\n<h2>Hiking La Palma: Los Tilos und die Quellen von Marcos und Cordero<\/h2>\n<p><span class=\" _50f4\">A short note to all my foreign visitors: Sadly my English is far not good enough for a translation of the tour description. I deeply apologize, but please feel free to enjoy the pictures&#8230;<\/span><\/p>\n<p><strong><a href=\"http:\/\/www.ravens-view.de\/?page_id=25767\">Hier geht&#8217;s zur Galerie!<\/a><\/strong><\/p>\n<p>Die Tourbeschreibung erschien zuerst 2016 auf Facebook, aber es spricht ja nichts dagegen, sie hier auch noch einmal zu ver\u00f6ffentlichen. Wichtig ist mir jedoch, das es keine &#8218;professionelle&#8216; Dokumentation mit Gehzeiten und H\u00f6henprofilen ist. Daf\u00fcr ist der Rother Wanderf\u00fchrer die erste Adresse.<\/p>\n<p><span class=\" _50f4\">Es gibt auf La Palma einige &#8222;Parade-Routen&#8220; wie die Vulkanroute oder den Abstieg von Los Brecitos durch die Caldera de Taburiente, die man als Urlauber mal gelaufen sein sollte, und sicher hat jeder Wanderer noch seine eigenen Favoriten. Leider sind Rundtouren auf der Insel aber selten, so dass man immer auf einen Shuttle angewiesen ist. Am einfachsten organisiert sich so etwas in einer Gruppe, aber was, wenn man allein oder nur zu zweit unterwegs ist? Nat\u00fcrlich kann man auf Taxis oder Anbieter gef\u00fchrter Touren zur\u00fcckgreifen. Oder man wird kreativ\u2026 Ich habe mir 2015 eine Art Traum erf\u00fcllt und endlich einmal zwei Touren im Nordosten der Insel zu einer gro\u00dfen zusammengelegt: Die Rundwanderung zu den Quellen von Marcos und Cordero. Es gibt zwei M\u00f6glichkeiten, um zu den Quellen zu gelangen: Mit einem Taxi zur Casa del Monte und dann zu Fu\u00df durch 13 Tunnel oder als lange Wanderung von Los Tilos aus durch den Lorbeerwald. Eine dritte M\u00f6glichkeit ist, beide Touren \u00fcber einen alten Kanalarbeiterpfad miteinander zu verbinden. Und das habe ich letztes Jahr gemacht. Das einzige Problem: Dieser Pfad war mittlerweile offiziell gesperrt. Die Sperrung ist mir, ehrlich gesagt, ein R\u00e4tsel. Der Pfad ist leicht zu finden, zwar steil, aber nur selten etwas ausgesetzt und f\u00fcr erfahrene Wanderer problemlos (zumindest im Juli 2015) zu bew\u00e4ltigen. Der einzige Grund, der mir einf\u00e4llt, besteht darin, das Gesch\u00e4ftsmodell der Taxifahrer zu sch\u00fctzen, die Wanderer zur Casa del Monte bringen, damit diese dann nach der Durchquerung der Tunnel durch den Lorbeerwald absteigen k\u00f6nnen. Allerdings sollte jeder, der diesen Teil des Weges benutzt, sich dar\u00fcber im Klaren sein, etwas Illegales zu tun. \u00dcber die Konsequenzen kann ich nur spekulieren. Daher \u00fcbernehme ich auch keine Verantwortung f\u00fcr eventuelle Sch\u00e4den. Ich m\u00f6chte lediglich eine sch\u00f6ne Tour schildern. Das zum Einstieg.<\/span><\/p>\n<p><span class=\" _50f4\">Die Tour ist im Rother Wanderf\u00fchrer \u201eLa Palma\u201c von 2012 (sorry, eine neuere Ausgabe habe ich nicht zur Hand) unter der Nummer 12 beschrieben und als schwarze, also lange und anspruchsvolle Tour gekennzeichnet. Im Wesentlichen bin ich die Tour genau so gelaufen, allerdings entgegengesetzt der Beschreibung. Ich habe den Verbotenen Pfad also als Aufstieg genutzt und nicht als Abstieg. Das h\u00e4ngt damit zusammen, das ich Berge lieber hinauf- als herunterfalle. Oder anders formuliert: Steile Abstiege liegen mir nicht. Letztlich muss das jeder selber entscheiden, aber ich w\u00fcrde empfehlen, den Aufstieg zur Casa del Monte an den Anfang der Tour zu legen. Die Tour hat einige Besonderheiten: Da sie gr\u00f6\u00dftenteils im Wald verl\u00e4uft, kann man sie auch dann noch laufen, wenn andere Touren wegen Hitze nicht in Frage kommen. Wegen der L\u00e4nge und des steilen Anstiegs w\u00fcrde ich die Tour nur im Fr\u00fchsommer bei stabilen Wetterverh\u00e4ltnissen laufen. Im Winter ist das Wetter einfach zu feucht und die Tage zu kurz \u2013 und ein Abstieg auf feuchten Waldwegen im Schein einer Taschenlampe kann unangenehm werden\u2026 Ganz wichtiger Punkt: Die Ausr\u00fcstung. Ich finde es immer wieder erschreckend, mit welchem Schuhwerk mir Wanderer begegnen. Bergungen von verungl\u00fcckten Wanderern geh\u00f6ren auf La Palma leider zum Alltag der Bomberos. Turnschuhtr\u00e4ger, wenn sie nicht gerade f\u00fcr die Transvulcania trainieren, haben im Wald nichts verloren. Feste, am besten kn\u00f6chelhohe Schuhe sind Pflicht, ebenso wie ausreichende Verpflegung f\u00fcr einen Tagesmarsch. Die Tour f\u00fchrt durch 13 unbeleuchtete Tunnel, also geh\u00f6rt eine starke Taschen- oder Stirnlampe ins Gep\u00e4ck, keinesfalls nur eine Funzel, mit der man \u00fcblicherweise das Schl\u00fcsselloch sucht. Die Tunnel sind an manchen Stellen ziemlich eng und niedrig, ein kleiner Rucksack ist daher von Vorteil. Menschen, deren K\u00f6rpergr\u00f6\u00dfe die eines Hobbits \u00fcbersteigt, sollten mindestens eine feste Kappe tragen, beim Kampf Fels gegen Kopfhaut gewinnt in der Regel der Fels. Und die Tunneldecken sind teilweise sehr niedrig. Wanderf\u00fchrer raten f\u00fcr den vorletzten Tunnel zu Regenschutz, da das Wasser praktisch aus allen Richtungen kommt. Nach meiner Erfahrung ist das im Sommer nicht unbedingt n\u00f6tig, es erfrischt und sp\u00e4testens an der Cordero-Quelle ist man wieder trocken. Sch\u00fctzen sollte man aber in jedem Fall seine Kamera oder andere Elektronik. Viel Spa\u00df beim Anschauen und eventuellem Nachwandern!<\/span><\/p>\n<p>[\/et_pb_text][\/et_pb_column][et_pb_column type=&#8220;1_3&#8243;][et_pb_image admin_label=&#8220;Bild&#8220; show_in_lightbox=&#8220;off&#8220; url_new_window=&#8220;off&#8220; use_overlay=&#8220;off&#8220; animation=&#8220;left&#8220; sticky=&#8220;off&#8220; align=&#8220;left&#8220; force_fullwidth=&#8220;off&#8220; always_center_on_mobile=&#8220;on&#8220; use_border_color=&#8220;off&#8220; border_color=&#8220;#ffffff&#8220; border_style=&#8220;solid&#8220; src=&#8220;http:\/\/www.ravens-view.de\/wp-content\/uploads\/2017\/02\/20150712_Marcos_Cordero_0002.jpg&#8220;] [\/et_pb_image][et_pb_image admin_label=&#8220;Bild&#8220; show_in_lightbox=&#8220;off&#8220; url_new_window=&#8220;off&#8220; use_overlay=&#8220;off&#8220; animation=&#8220;left&#8220; sticky=&#8220;off&#8220; align=&#8220;left&#8220; force_fullwidth=&#8220;off&#8220; always_center_on_mobile=&#8220;on&#8220; use_border_color=&#8220;off&#8220; border_color=&#8220;#ffffff&#8220; border_style=&#8220;solid&#8220; src=&#8220;http:\/\/www.ravens-view.de\/wp-content\/uploads\/2017\/02\/20150712_Marcos_Cordero_0003.jpg&#8220;] [\/et_pb_image][et_pb_image admin_label=&#8220;Bild&#8220; show_in_lightbox=&#8220;off&#8220; url_new_window=&#8220;off&#8220; use_overlay=&#8220;off&#8220; animation=&#8220;left&#8220; sticky=&#8220;off&#8220; align=&#8220;left&#8220; force_fullwidth=&#8220;off&#8220; always_center_on_mobile=&#8220;on&#8220; use_border_color=&#8220;off&#8220; border_color=&#8220;#ffffff&#8220; border_style=&#8220;solid&#8220; src=&#8220;http:\/\/www.ravens-view.de\/wp-content\/uploads\/2017\/02\/20150712_Marcos_Cordero_0006.jpg&#8220;] [\/et_pb_image][et_pb_image admin_label=&#8220;Bild&#8220; show_in_lightbox=&#8220;off&#8220; url_new_window=&#8220;off&#8220; use_overlay=&#8220;off&#8220; animation=&#8220;left&#8220; sticky=&#8220;off&#8220; align=&#8220;left&#8220; force_fullwidth=&#8220;off&#8220; always_center_on_mobile=&#8220;on&#8220; use_border_color=&#8220;off&#8220; border_color=&#8220;#ffffff&#8220; border_style=&#8220;solid&#8220; src=&#8220;http:\/\/www.ravens-view.de\/wp-content\/uploads\/2017\/02\/20150712_Marcos_Cordero_0005.jpg&#8220;] [\/et_pb_image][et_pb_image admin_label=&#8220;Bild&#8220; show_in_lightbox=&#8220;off&#8220; url_new_window=&#8220;off&#8220; use_overlay=&#8220;off&#8220; animation=&#8220;left&#8220; sticky=&#8220;off&#8220; align=&#8220;left&#8220; force_fullwidth=&#8220;off&#8220; always_center_on_mobile=&#8220;on&#8220; use_border_color=&#8220;off&#8220; border_color=&#8220;#ffffff&#8220; border_style=&#8220;solid&#8220; src=&#8220;http:\/\/www.ravens-view.de\/wp-content\/uploads\/2017\/02\/20150712_Marcos_Cordero_0021.jpg&#8220;] [\/et_pb_image][\/et_pb_column][\/et_pb_row][\/et_pb_section][et_pb_section admin_label=&#8220;Section&#8220; global_module=&#8220;25086&#8243; fullwidth=&#8220;off&#8220; specialty=&#8220;off&#8220; transparent_background=&#8220;off&#8220; allow_player_pause=&#8220;off&#8220; inner_shadow=&#8220;off&#8220; parallax=&#8220;off&#8220; parallax_method=&#8220;off&#8220; custom_padding=&#8220;0px||0px|&#8220; padding_mobile=&#8220;on&#8220; make_fullwidth=&#8220;off&#8220; use_custom_width=&#8220;off&#8220; width_unit=&#8220;on&#8220; make_equal=&#8220;off&#8220; use_custom_gutter=&#8220;off&#8220; background_color=&#8220;#3c3d41&#8243;][et_pb_row global_parent=&#8220;25086&#8243; admin_label=&#8220;Row&#8220; make_fullwidth=&#8220;off&#8220; use_custom_width=&#8220;off&#8220; width_unit=&#8220;on&#8220; use_custom_gutter=&#8220;on&#8220; gutter_width=&#8220;2&#8243; padding_mobile=&#8220;on&#8220; allow_player_pause=&#8220;off&#8220; parallax=&#8220;off&#8220; parallax_method=&#8220;off&#8220; make_equal=&#8220;off&#8220; parallax_1=&#8220;off&#8220; parallax_method_1=&#8220;off&#8220; column_padding_mobile=&#8220;on&#8220; custom_padding=&#8220;50px||50px|&#8220; parallax_2=&#8220;off&#8220; parallax_method_2=&#8220;off&#8220; parallax_3=&#8220;off&#8220; parallax_method_3=&#8220;off&#8220;][et_pb_column type=&#8220;1_2&#8243;][et_pb_text global_parent=&#8220;25086&#8243; admin_label=&#8220;raven\u00b4s view&#8220; background_layout=&#8220;light&#8220; text_orientation=&#8220;left&#8220; text_font=&#8220;Raleway|on|||&#8220; text_font_size=&#8220;28&#8243; text_text_color=&#8220;#ffffff&#8220; text_line_height=&#8220;1.4em&#8220; use_border_color=&#8220;off&#8220; border_color=&#8220;#ffffff&#8220; border_style=&#8220;solid&#8220; custom_margin=&#8220;||8px|&#8220; custom_css_main_element=&#8220;font-weight: 900;&#8220; header_font=&#8220;Raleway||||&#8220;] raven\u00b4s view [\/et_pb_text][et_pb_text global_parent=&#8220;25086&#8243; admin_label=&#8220;Text&#8220; background_layout=&#8220;light&#8220; text_orientation=&#8220;left&#8220; text_font=&#8220;Raleway Light||||&#8220; text_font_size=&#8220;16&#8243; text_text_color=&#8220;#aaaaaa&#8220; text_line_height=&#8220;1.5em&#8220; use_border_color=&#8220;off&#8220; border_color=&#8220;#ffffff&#8220; border_style=&#8220;solid&#8220; custom_padding=&#8220;0px|||&#8220; max_width=&#8220;300px&#8220; custom_margin=&#8220;||30px|&#8220; custom_margin_tablet=&#8220;||10px|&#8220; custom_margin_last_edited=&#8220;on|tablet&#8220;]<\/p>\n<p>&#8222;Fotografieren ist finden, was sich verliert.&#8220;<\/p>\n<p>[\/et_pb_text][et_pb_text global_parent=&#8220;25086&#8243; admin_label=&#8220;\u00a9 2017 raven\u00b4s view&#8220; background_layout=&#8220;light&#8220; text_orientation=&#8220;left&#8220; text_font=&#8220;Raleway Light||||&#8220; text_font_size=&#8220;12&#8243; text_text_color=&#8220;#aaaaaa&#8220; text_line_height=&#8220;1.5em&#8220; use_border_color=&#8220;off&#8220; border_color=&#8220;#ffffff&#8220; border_style=&#8220;solid&#8220; custom_padding=&#8220;0px|||&#8220; max_width=&#8220;300px&#8220;] \u00a9 2017 raven\u00b4s view [\/et_pb_text][\/et_pb_column][et_pb_column type=&#8220;1_4&#8243;][et_pb_text global_parent=&#8220;25086&#8243; admin_label=&#8220;raven\u00b4s view&#8220; background_layout=&#8220;light&#8220; text_orientation=&#8220;left&#8220; text_font=&#8220;Raleway|on|||&#8220; text_font_size=&#8220;18&#8243; text_text_color=&#8220;#666666&#8243; text_line_height=&#8220;1.4em&#8220; use_border_color=&#8220;off&#8220; border_color=&#8220;#ffffff&#8220; border_style=&#8220;solid&#8220; custom_margin=&#8220;||8px|&#8220; header_font=&#8220;Raleway||||&#8220;] raven\u00b4s view [\/et_pb_text][et_pb_text global_parent=&#8220;25086&#8243; admin_label=&#8220;Text&#8220; background_layout=&#8220;light&#8220; text_orientation=&#8220;left&#8220; text_font=&#8220;Raleway Light||||&#8220; text_font_size=&#8220;16&#8243; text_text_color=&#8220;#ffffff&#8220; text_line_height=&#8220;2.2em&#8220; use_border_color=&#8220;off&#8220; border_color=&#8220;#ffffff&#8220; border_style=&#8220;solid&#8220; custom_padding=&#8220;0px|||&#8220; header_font=&#8220;Raleway Light||||&#8220;] <span style=\"color: #ffffff;\"><a style=\"color: #ffffff;\" href=\"http:\/\/www.ravens-view.de\/?page_id=25111\">Blog<\/a><\/span><br \/>\n<span style=\"color: #ffffff;\"><a style=\"color: #ffffff;\" href=\"http:\/\/www.ravens-view.de\/?page_id=25113\">Galerie<\/a><\/span><br \/>\n<span style=\"color: #ffffff;\"><a style=\"color: #ffffff;\" href=\"http:\/\/www.ravens-view.de\/?page_id=25102\">Kontakt<\/a><\/span><br \/>\n<span style=\"color: #ffffff;\"><a style=\"color: #ffffff;\" href=\"http:\/\/www.ravens-view.de\/?page_id=25142\">Impressum<\/a><\/span> [\/et_pb_text][\/et_pb_column][et_pb_column type=&#8220;1_4&#8243;][et_pb_text global_parent=&#8220;25086&#8243; admin_label=&#8220;raven\u00b4s view bei&#8220; background_layout=&#8220;light&#8220; text_orientation=&#8220;left&#8220; text_font=&#8220;Raleway|on|||&#8220; text_font_size=&#8220;18&#8243; text_text_color=&#8220;#666666&#8243; text_line_height=&#8220;1.4em&#8220; use_border_color=&#8220;off&#8220; border_color=&#8220;#ffffff&#8220; border_style=&#8220;solid&#8220; custom_margin=&#8220;||8px|&#8220;] raven\u00b4s view bei [\/et_pb_text][et_pb_social_media_follow global_parent=&#8220;25086&#8243; admin_label=&#8220;Sozialen Medien folgen&#8220; link_shape=&#8220;rounded_rectangle&#8220; background_layout=&#8220;light&#8220; url_new_window=&#8220;on&#8220; follow_button=&#8220;off&#8220;] [et_pb_social_media_follow_network social_network=&#8220;facebook&#8220; url=&#8220;https:\/\/www.facebook.com\/ravensisland\/?fref=ts&#8220; skype_action=&#8220;call&#8220; bg_color=&#8220;#3b5998&#8243;] Facebook [\/et_pb_social_media_follow_network][et_pb_social_media_follow_network social_network=&#8220;instagram&#8220; url=&#8220;https:\/\/www.instagram.com\/ravens__view\/&#8220; skype_action=&#8220;call&#8220; bg_color=&#8220;#517fa4&#8243;] Instagram [\/et_pb_social_media_follow_network] [\/et_pb_social_media_follow][\/et_pb_column][\/et_pb_row][\/et_pb_section]<\/p>\n","protected":false},"excerpt":{"rendered":"<p>Hiking La Palma: Los Tilos und die Quellen von Marcos und Cordero A short note to all my foreign visitors: Sadly my English is far not good enough for a translation of the tour description. I deeply apologize, but please feel free to enjoy the pictures&#8230; Hier geht&#8217;s zur Galerie! Die Tourbeschreibung erschien zuerst 2016 [&hellip;]<\/p>\n","protected":false},"author":3,"featured_media":0,"comment_status":"closed","ping_status":"open","sticky":false,"template":"","format":"standard","meta":{"_et_pb_use_builder":"on","_et_pb_old_content":"","_et_gb_content_width":"","footnotes":""},"categories":[11],"tags":[],"class_list":["post-25765","post","type-post","status-publish","format-standard","hentry","category-wanderungen"],"yoast_head":"<!-- This site is optimized with the Yoast SEO plugin v26.0 - https:\/\/yoast.com\/wordpress\/plugins\/seo\/ -->\n<title>raven&#039;s view - La Palma - Marcos y Cordero<\/title>\n<meta name=\"robots\" content=\"index, follow, max-snippet:-1, max-image-preview:large, max-video-preview:-1\" \/>\n<link rel=\"canonical\" href=\"https:\/\/www.ravens-view.de\/?p=25765\" \/>\n<meta property=\"og:locale\" content=\"de_DE\" \/>\n<meta property=\"og:type\" content=\"article\" \/>\n<meta property=\"og:title\" content=\"raven&#039;s view - La Palma - Marcos y Cordero\" \/>\n<meta property=\"og:description\" content=\"Hiking La Palma: Los Tilos und die Quellen von Marcos und Cordero A short note to all my foreign visitors: Sadly my English is far not good enough for a translation of the tour description. I deeply apologize, but please feel free to enjoy the pictures... Hier geht&#039;s zur Galerie! Die Tourbeschreibung erschien zuerst 2016 [&hellip;]\" \/>\n<meta property=\"og:url\" content=\"https:\/\/www.ravens-view.de\/?p=25765\" \/>\n<meta property=\"article:published_time\" content=\"2017-02-04T20:28:04+00:00\" \/>\n<meta property=\"article:modified_time\" content=\"2017-02-17T21:59:04+00:00\" \/>\n<meta name=\"author\" content=\"Kai\" \/>\n<meta name=\"twitter:card\" content=\"summary_large_image\" \/>\n<meta name=\"twitter:label1\" content=\"Verfasst von\" \/>\n\t<meta name=\"twitter:data1\" content=\"Kai\" \/>\n\t<meta name=\"twitter:label2\" content=\"Gesch\u00e4tzte Lesezeit\" \/>\n\t<meta name=\"twitter:data2\" content=\"9\u00a0Minuten\" \/>\n<script type=\"application\/ld+json\" class=\"yoast-schema-graph\">{\"@context\":\"https:\/\/schema.org\",\"@graph\":[{\"@type\":\"WebPage\",\"@id\":\"https:\/\/www.ravens-view.de\/?p=25765\",\"url\":\"https:\/\/www.ravens-view.de\/?p=25765\",\"name\":\"raven's view - La Palma - Marcos y Cordero\",\"isPartOf\":{\"@id\":\"https:\/\/www.ravens-view.de\/#website\"},\"datePublished\":\"2017-02-04T20:28:04+00:00\",\"dateModified\":\"2017-02-17T21:59:04+00:00\",\"author\":{\"@id\":\"https:\/\/www.ravens-view.de\/#\/schema\/person\/09d92446ad9e33c84d346d8c06a15ebb\"},\"breadcrumb\":{\"@id\":\"https:\/\/www.ravens-view.de\/?p=25765#breadcrumb\"},\"inLanguage\":\"de\",\"potentialAction\":[{\"@type\":\"ReadAction\",\"target\":[\"https:\/\/www.ravens-view.de\/?p=25765\"]}]},{\"@type\":\"BreadcrumbList\",\"@id\":\"https:\/\/www.ravens-view.de\/?p=25765#breadcrumb\",\"itemListElement\":[{\"@type\":\"ListItem\",\"position\":1,\"name\":\"Startseite\",\"item\":\"https:\/\/www.ravens-view.de\/\"},{\"@type\":\"ListItem\",\"position\":2,\"name\":\"Marcos y Cordero\"}]},{\"@type\":\"WebSite\",\"@id\":\"https:\/\/www.ravens-view.de\/#website\",\"url\":\"https:\/\/www.ravens-view.de\/\",\"name\":\"\",\"description\":\"\",\"potentialAction\":[{\"@type\":\"SearchAction\",\"target\":{\"@type\":\"EntryPoint\",\"urlTemplate\":\"https:\/\/www.ravens-view.de\/?s={search_term_string}\"},\"query-input\":{\"@type\":\"PropertyValueSpecification\",\"valueRequired\":true,\"valueName\":\"search_term_string\"}}],\"inLanguage\":\"de\"},{\"@type\":\"Person\",\"@id\":\"https:\/\/www.ravens-view.de\/#\/schema\/person\/09d92446ad9e33c84d346d8c06a15ebb\",\"name\":\"Kai\",\"image\":{\"@type\":\"ImageObject\",\"inLanguage\":\"de\",\"@id\":\"https:\/\/www.ravens-view.de\/#\/schema\/person\/image\/\",\"url\":\"https:\/\/secure.gravatar.com\/avatar\/d88685ff1706dbab4180af67ce12ee798e5e04f00bce01099aef0c14f1cdd73a?s=96&d=mm&r=g\",\"contentUrl\":\"https:\/\/secure.gravatar.com\/avatar\/d88685ff1706dbab4180af67ce12ee798e5e04f00bce01099aef0c14f1cdd73a?s=96&d=mm&r=g\",\"caption\":\"Kai\"},\"url\":\"http:\/\/www.ravens-view.de\/?author=3\"}]}<\/script>\n<!-- \/ Yoast SEO plugin. -->","yoast_head_json":{"title":"raven's view - La Palma - Marcos y Cordero","robots":{"index":"index","follow":"follow","max-snippet":"max-snippet:-1","max-image-preview":"max-image-preview:large","max-video-preview":"max-video-preview:-1"},"canonical":"https:\/\/www.ravens-view.de\/?p=25765","og_locale":"de_DE","og_type":"article","og_title":"raven's view - La Palma - Marcos y Cordero","og_description":"Hiking La Palma: Los Tilos und die Quellen von Marcos und Cordero A short note to all my foreign visitors: Sadly my English is far not good enough for a translation of the tour description. I deeply apologize, but please feel free to enjoy the pictures... Hier geht's zur Galerie! Die Tourbeschreibung erschien zuerst 2016 [&hellip;]","og_url":"https:\/\/www.ravens-view.de\/?p=25765","article_published_time":"2017-02-04T20:28:04+00:00","article_modified_time":"2017-02-17T21:59:04+00:00","author":"Kai","twitter_card":"summary_large_image","twitter_misc":{"Verfasst von":"Kai","Gesch\u00e4tzte Lesezeit":"9\u00a0Minuten"},"schema":{"@context":"https:\/\/schema.org","@graph":[{"@type":"WebPage","@id":"https:\/\/www.ravens-view.de\/?p=25765","url":"https:\/\/www.ravens-view.de\/?p=25765","name":"raven's view - La Palma - Marcos y Cordero","isPartOf":{"@id":"https:\/\/www.ravens-view.de\/#website"},"datePublished":"2017-02-04T20:28:04+00:00","dateModified":"2017-02-17T21:59:04+00:00","author":{"@id":"https:\/\/www.ravens-view.de\/#\/schema\/person\/09d92446ad9e33c84d346d8c06a15ebb"},"breadcrumb":{"@id":"https:\/\/www.ravens-view.de\/?p=25765#breadcrumb"},"inLanguage":"de","potentialAction":[{"@type":"ReadAction","target":["https:\/\/www.ravens-view.de\/?p=25765"]}]},{"@type":"BreadcrumbList","@id":"https:\/\/www.ravens-view.de\/?p=25765#breadcrumb","itemListElement":[{"@type":"ListItem","position":1,"name":"Startseite","item":"https:\/\/www.ravens-view.de\/"},{"@type":"ListItem","position":2,"name":"Marcos y Cordero"}]},{"@type":"WebSite","@id":"https:\/\/www.ravens-view.de\/#website","url":"https:\/\/www.ravens-view.de\/","name":"","description":"","potentialAction":[{"@type":"SearchAction","target":{"@type":"EntryPoint","urlTemplate":"https:\/\/www.ravens-view.de\/?s={search_term_string}"},"query-input":{"@type":"PropertyValueSpecification","valueRequired":true,"valueName":"search_term_string"}}],"inLanguage":"de"},{"@type":"Person","@id":"https:\/\/www.ravens-view.de\/#\/schema\/person\/09d92446ad9e33c84d346d8c06a15ebb","name":"Kai","image":{"@type":"ImageObject","inLanguage":"de","@id":"https:\/\/www.ravens-view.de\/#\/schema\/person\/image\/","url":"https:\/\/secure.gravatar.com\/avatar\/d88685ff1706dbab4180af67ce12ee798e5e04f00bce01099aef0c14f1cdd73a?s=96&d=mm&r=g","contentUrl":"https:\/\/secure.gravatar.com\/avatar\/d88685ff1706dbab4180af67ce12ee798e5e04f00bce01099aef0c14f1cdd73a?s=96&d=mm&r=g","caption":"Kai"},"url":"http:\/\/www.ravens-view.de\/?author=3"}]}},"_links":{"self":[{"href":"http:\/\/www.ravens-view.de\/index.php?rest_route=\/wp\/v2\/posts\/25765","targetHints":{"allow":["GET"]}}],"collection":[{"href":"http:\/\/www.ravens-view.de\/index.php?rest_route=\/wp\/v2\/posts"}],"about":[{"href":"http:\/\/www.ravens-view.de\/index.php?rest_route=\/wp\/v2\/types\/post"}],"author":[{"embeddable":true,"href":"http:\/\/www.ravens-view.de\/index.php?rest_route=\/wp\/v2\/users\/3"}],"replies":[{"embeddable":true,"href":"http:\/\/www.ravens-view.de\/index.php?rest_route=%2Fwp%2Fv2%2Fcomments&post=25765"}],"version-history":[{"count":6,"href":"http:\/\/www.ravens-view.de\/index.php?rest_route=\/wp\/v2\/posts\/25765\/revisions"}],"predecessor-version":[{"id":25885,"href":"http:\/\/www.ravens-view.de\/index.php?rest_route=\/wp\/v2\/posts\/25765\/revisions\/25885"}],"wp:attachment":[{"href":"http:\/\/www.ravens-view.de\/index.php?rest_route=%2Fwp%2Fv2%2Fmedia&parent=25765"}],"wp:term":[{"taxonomy":"category","embeddable":true,"href":"http:\/\/www.ravens-view.de\/index.php?rest_route=%2Fwp%2Fv2%2Fcategories&post=25765"},{"taxonomy":"post_tag","embeddable":true,"href":"http:\/\/www.ravens-view.de\/index.php?rest_route=%2Fwp%2Fv2%2Ftags&post=25765"}],"curies":[{"name":"wp","href":"https:\/\/api.w.org\/{rel}","templated":true}]}}